{"id":514268,"date":"2017-04-18T06:13:50","date_gmt":"2017-04-18T06:13:50","guid":{"rendered":"https:\/\/toolset.com\/2017\/04\/toolset-en-facebook-por-que-y-para-quien\/"},"modified":"2017-04-18T06:13:50","modified_gmt":"2017-04-18T06:13:50","slug":"toolset-en-facebook-por-que-y-para-quien","status":"publish","type":"post","link":"https:\/\/toolset.com\/es\/2017\/04\/toolset-en-facebook-por-que-y-para-quien\/","title":{"rendered":"Toolset en Facebook: por qu\u00e9 y para qui\u00e9n"},"content":{"rendered":"<p>Para m\u00ed, las redes sociales no son algo muy natural. Cre\u00e9 mi cuenta de FB hace unos cuatro a\u00f1os y rara vez la uso. Compr\u00e9 mi primer tel\u00e9fono celular apenas un a\u00f1o antes. Quiz\u00e1s esta es la raz\u00f3n por la que nuestra <a target=\"_blank\" href=\"https:\/\/www.facebook.com\/toolsetplugins\/\">p\u00e1gina de Facebook<\/a> parece m\u00e1s una ocurrencia de \u00faltimo momento que algo bien administrado. Sin embargo, veo que los usuarios de Toolset realizan una buena actividad y quiero recomendarlo.<\/p>\n<p> <a target=\"_blank\" href=\"https:\/\/www.facebook.com\/groups\/283775018641011\/\">Toolset Developers<\/a>, de Steve Wolk, es un grupo amistoso en el que los desarrolladores comparten y conversan ideas.<\/p>\n<p> Si necesita ayuda con Toolset, le recomiendo que pregunte en nuestro <a href=\"https:\/\/toolset.com\/forums\/forum\/professional-support\/\">foro de asistencia t\u00e9cnica<\/a>. \u00c9ste funciona con un equipo de asistentes formados, y abarca zonas horarias desde Asia hasta la costa oeste de Estados Unidos.<\/p>\n<p> En el grupo de Facebook de Steve, se puede hablar con colegas desarrolladores de WordPress (no s\u00f3lo asistentes t\u00e9cnicos, cuyo objetivo es resolver cosas lo m\u00e1s r\u00e1pido posible). Tiene un alcance y atm\u00f3sfera distintos.<\/p>\n<p> Si es parte de otros grupos en redes sociales relacionadas con Toolset o con el desarrollo de WordPress en general, deje un comentario y comp\u00e1rtalo. Estoy seguro de que a otras personas les interesar\u00e1 saberlo.<\/p>\n","protected":false},"excerpt":{"rendered":"<p>Para m\u00ed, las redes sociales no son algo muy natural. Cre\u00e9 mi cuenta de FB hace unos cuatro a\u00f1os y rara vez la uso. Compr\u00e9 mi primer tel\u00e9fono celular apenas un a\u00f1o antes. Quiz\u00e1s esta es la raz\u00f3n por la que nuestra p\u00e1gina de Facebook parece m\u00e1s una ocurrencia de \u00faltimo momento que algo bien [&hellip;]<\/p>\n","protected":false},"author":1,"featured_media":0,"comment_status":"closed","ping_status":"closed","sticky":false,"template":"","format":"standard","meta":{"_bbp_topic_count":0,"_bbp_reply_count":0,"_bbp_total_topic_count":0,"_bbp_total_reply_count":0,"_bbp_voice_count":0,"_bbp_anonymous_reply_count":0,"_bbp_topic_count_hidden":0,"_bbp_reply_count_hidden":0,"_bbp_forum_subforum_count":0,"ep_exclude_from_search":false,"footnotes":""},"categories":[502],"tags":[],"class_list":["post-514268","post","type-post","status-publish","format-standard","hentry","category-anuncios"],"_links":{"self":[{"href":"https:\/\/toolset.com\/es\/wp-json\/wp\/v2\/posts\/514268","targetHints":{"allow":["GET"]}}],"collection":[{"href":"https:\/\/toolset.com\/es\/wp-json\/wp\/v2\/posts"}],"about":[{"href":"https:\/\/toolset.com\/es\/wp-json\/wp\/v2\/types\/post"}],"author":[{"embeddable":true,"href":"https:\/\/toolset.com\/es\/wp-json\/wp\/v2\/users\/1"}],"replies":[{"embeddable":true,"href":"https:\/\/toolset.com\/es\/wp-json\/wp\/v2\/comments?post=514268"}],"version-history":[{"count":0,"href":"https:\/\/toolset.com\/es\/wp-json\/wp\/v2\/posts\/514268\/revisions"}],"wp:attachment":[{"href":"https:\/\/toolset.com\/es\/wp-json\/wp\/v2\/media?parent=514268"}],"wp:term":[{"taxonomy":"category","embeddable":true,"href":"https:\/\/toolset.com\/es\/wp-json\/wp\/v2\/categories?post=514268"},{"taxonomy":"post_tag","embeddable":true,"href":"https:\/\/toolset.com\/es\/wp-json\/wp\/v2\/tags?post=514268"}],"curies":[{"name":"wp","href":"https:\/\/api.w.org\/{rel}","templated":true}]}}